{"id":26252,"date":"2022-05-03T08:13:07","date_gmt":"2022-05-03T08:13:07","guid":{"rendered":"https:\/\/idscs.org.mk\/?p=26252"},"modified":"2024-01-16T10:16:09","modified_gmt":"2024-01-16T10:16:09","slug":"qytetari-populist-pse-qytetaret-mbeshtesin-lideret-dhe-politikat-populiste-ne-maqedonine-e-veriut","status":"publish","type":"post","link":"https:\/\/idscs.org.mk\/mk\/2022\/05\/03\/qytetari-populist-pse-qytetaret-mbeshtesin-lideret-dhe-politikat-populiste-ne-maqedonine-e-veriut\/","title":{"rendered":"Qytetari populist: Pse qytetar\u00ebt mb\u00ebshtesin lider\u00ebt dhe politikat populiste n\u00eb Maqedonin\u00eb e Veriut?"},"content":{"rendered":"<p>Ky studim analizon k\u00ebrkes\u00ebn shoq\u00ebrore p\u00ebr lider\u00eb populist\u00eb n\u00eb Maqedonin\u00eb e Veriut. Studimi synon t\u00eb zgjeroj\u00eb kuptimin aktual t\u00eb populizmit si nj\u00eb k\u00ebrc\u00ebnim p\u00ebr demokracin\u00eb p\u00ebrmes adresimit t\u00eb munges\u00ebs s\u00eb t\u00eb dh\u00ebnave p\u00ebr k\u00ebt\u00eb fenomen n\u00eb demokracit\u00eb e pazhvilluara. Duke pasur parasysh pengesat e p\u00ebrgjithshme demokratike n\u00eb rajonin e Ballkanit Per\u00ebndimor dhe numrin n\u00eb rritje t\u00eb aktor\u00ebve populist\u00eb q\u00eb marrin pushtetin ose zgjerojn\u00eb pushtetin e tyre politik, ky studim synon t\u00eb kuptoj\u00eb se cil\u00ebt faktor\u00eb social\u00eb, ekonomik\u00eb, kulturor\u00eb dhe psikologjik\u00eb nxisin q\u00ebndrimet populiste tek popullsia n\u00eb nj\u00eb kontekst t\u00eb till\u00eb.<\/p>\n<p>Tendencat apo q\u00ebndrimet populiste t\u00eb popullsis\u00eb si nj\u00eb faktor i mundsh\u00ebm q\u00eb kontribuon n\u00eb p\u00ebrkeq\u00ebsimin e gjendjes s\u00eb demokracis\u00eb nuk jan\u00eb hulumtuar gjer\u00ebsisht n\u00eb kontekstin e Ballkanit Per\u00ebndimor dhe Maqedonis\u00eb s\u00eb Veriut. Ky studim e plot\u00ebson k\u00ebt\u00eb boshll\u00ebk, duke u fokusuar ekskluzivisht n\u00eb potencialin e politik\u00ebs populiste n\u00eb mesin e popullat\u00ebs. Duke pasur parasysh gjendjen aktuale t\u00eb populizmit n\u00eb rajon, ky studim nxjerr n\u00eb pah r\u00ebnd\u00ebsin\u00eb e studimit t\u00eb arsyeve t\u00eb mb\u00ebshtetjes n\u00eb rritje p\u00ebr lider\u00ebt dhe politikat populiste. P\u00ebr m\u00eb tep\u00ebr, me k\u00ebt\u00eb hulumtim kontribuojm\u00eb n\u00eb k\u00ebrkimet mbi populizmin nd\u00ebrmjet vendeve q\u00eb integrojn\u00eb kontekste t\u00eb ndryshme dhe hulumtime mbi shum\u00eb aspekte t\u00eb populizmit n\u00eb pjes\u00eb t\u00eb ndryshme t\u00eb bot\u00ebs, duke mund\u00ebsuar krahasime kritike n\u00eb kuptimin e fenomeneve. Si i till\u00eb, ky studim kontribuon n\u00eb literatur\u00ebn dhe debatin shkencor n\u00eb fush\u00ebn e politik\u00ebs krahasuese, demokracin\u00eb dhe demokratizimit dhe populizmin.<\/p>\n<p>Seksioni i par\u00eb i studimit p\u00ebrqendrohet n\u00eb teorit\u00eb dhe k\u00ebrkimet mbi t\u00eb cilat \u00ebsht\u00eb kryer ky hulumtim, nd\u00ebrsa dizajni metodologjik \u00ebsht\u00eb sh\u00ebnuar n\u00eb seksionin e dyt\u00eb. N\u00eb seksionin e tret\u00eb, p\u00ebrmes analiz\u00ebs p\u00ebrshkruese, kemi matur tendenc\u00ebn e qytetar\u00ebve p\u00ebr t\u00eb kultivuar ndjenja populiste, nd\u00ebrsa pjesa e kat\u00ebrt ofron nj\u00eb analiz\u00eb eksploruese t\u00eb t\u00eb dh\u00ebnave t\u00eb anketimit p\u00ebr t\u00eb shqyrtuar lidhjet midis variablit vart\u00ebs p\u00ebr mb\u00ebshtetje t\u00eb populizmit dhe karakteristikave t\u00eb ndryshme t\u00eb t\u00eb anketuarit. Seksioni i pest\u00eb paraqet analizat e regresionit q\u00eb jan\u00eb b\u00ebr\u00eb p\u00ebr t\u00eb mund\u00ebsuar vler\u00ebsimin empirik t\u00eb faktor\u00ebve kryesor\u00eb q\u00eb ndikojn\u00eb n\u00eb krijimin e q\u00ebndrimeve populiste te qytetar\u00ebt. N\u00eb fund, bazuar n\u00eb t\u00eb dh\u00ebnat e siguruara p\u00ebrmes analiz\u00ebs s\u00eb t\u00eb dh\u00ebnave eksploruese dhe analiz\u00ebs s\u00eb regresionit, autor\u00ebt diskutojn\u00eb \u201czgjidhje\u201d t\u00eb mundshme p\u00ebr reduktim t\u00eb ndjenj\u00ebs populiste n\u00eb mesin e popullat\u00ebs, forcim t\u00eb mendimit kritik dhe mb\u00ebshtetje t\u00eb demokracis\u00eb.<\/p>\n<p>N\u00eb k\u00ebt\u00eb link mund t\u00eb lexoni t\u00eb gjith\u00eb studimin:<\/p>\n<p><a href=\"https:\/\/idscs.org.mk\/wp-content\/uploads\/2022\/05\/2_B5_PopulizamALB.pdf\" target=\"_blank\" rel=\"noopener\">Qytetari populist: Pse qytetar\u0451t mb\u0451shtesin lider\u0451t dhe politikat populiste n\u0451 Maqedonin\u0451 e Veriut?<\/a><\/p>\n","protected":false},"excerpt":{"rendered":"<p>Ky studim analizon k\u00ebrkes\u00ebn shoq\u00ebrore p\u00ebr lider\u00eb populist\u00eb n\u00eb Maqedonin\u00eb e Veriut. Studimi synon t\u00eb zgjeroj\u00eb kuptimin aktual t\u00eb populizmit si nj\u00eb k\u00ebrc\u00ebnim p\u00ebr demokracin\u00eb p\u00ebrmes adresimit t\u00eb munges\u00ebs s\u00eb t\u00eb dh\u00ebnave p\u00ebr k\u00ebt\u00eb fenomen n\u00eb demokracit\u00eb e pazhvilluara. Duke pasur parasysh pengesat e p\u00ebrgjithshme demokratike n\u00eb rajonin e Ballkanit Per\u00ebndimor dhe numrin n\u00eb rritje [&hellip;]<\/p>\n","protected":false},"author":13,"featured_media":26388,"comment_status":"closed","ping_status":"open","sticky":false,"template":"","format":"standard","meta":{"_acf_changed":false,"footnotes":""},"categories":[1171,1185,1216],"tags":[],"acf":[],"_links":{"self":[{"href":"https:\/\/idscs.org.mk\/mk\/wp-json\/wp\/v2\/posts\/26252"}],"collection":[{"href":"https:\/\/idscs.org.mk\/mk\/wp-json\/wp\/v2\/posts"}],"about":[{"href":"https:\/\/idscs.org.mk\/mk\/wp-json\/wp\/v2\/types\/post"}],"author":[{"embeddable":true,"href":"https:\/\/idscs.org.mk\/mk\/wp-json\/wp\/v2\/users\/13"}],"replies":[{"embeddable":true,"href":"https:\/\/idscs.org.mk\/mk\/wp-json\/wp\/v2\/comments?post=26252"}],"version-history":[{"count":3,"href":"https:\/\/idscs.org.mk\/mk\/wp-json\/wp\/v2\/posts\/26252\/revisions"}],"predecessor-version":[{"id":26392,"href":"https:\/\/idscs.org.mk\/mk\/wp-json\/wp\/v2\/posts\/26252\/revisions\/26392"}],"wp:featuredmedia":[{"embeddable":true,"href":"https:\/\/idscs.org.mk\/mk\/wp-json\/wp\/v2\/media\/26388"}],"wp:attachment":[{"href":"https:\/\/idscs.org.mk\/mk\/wp-json\/wp\/v2\/media?parent=26252"}],"wp:term":[{"taxonomy":"category","embeddable":true,"href":"https:\/\/idscs.org.mk\/mk\/wp-json\/wp\/v2\/categories?post=26252"},{"taxonomy":"post_tag","embeddable":true,"href":"https:\/\/idscs.org.mk\/mk\/wp-json\/wp\/v2\/tags?post=26252"}],"curies":[{"name":"wp","href":"https:\/\/api.w.org\/{rel}","templated":true}]}}