{"id":22533,"date":"2022-03-08T11:52:53","date_gmt":"2022-03-08T11:52:53","guid":{"rendered":"https:\/\/idscs.org.mk\/?p=22533"},"modified":"2022-03-08T11:52:53","modified_gmt":"2022-03-08T11:52:53","slug":"si-te-reagoni-dhe-te-mbroheni-ne-rast-termeti","status":"publish","type":"post","link":"https:\/\/idscs.org.mk\/mk\/2022\/03\/08\/si-te-reagoni-dhe-te-mbroheni-ne-rast-termeti\/","title":{"rendered":"Si t\u00eb reagoni dhe t\u00eb mbroheni n\u00eb rast t\u00ebrmeti"},"content":{"rendered":"<p>Sapo ndodh nj\u00eb t\u00ebrmet, zakonisht shumica prej nesh, kontrollojm\u00eb fillimisht n\u00eb rrjetet sociale apo n\u00eb faqen e internetit ku regjistrohen t\u00ebrmetet, n\u00ebse v\u00ebrtet ka ndodhur apo na \u00ebsht\u00eb dukur.<\/p>\n<p>N\u00eb vend q\u00eb t\u00eb kontrollojm\u00eb fillimisht informacionin n\u00eb internet p\u00ebr at\u00eb q\u00eb ka ndodhur dhe cili ka qen\u00eb intensiteti, reagimi i par\u00eb duhet t\u00eb jet\u00eb gjithmon\u00eb mbrojtja e vetes dhe e njer\u00ebzve tan\u00eb t\u00eb af\u00ebrm.<\/p>\n<p>Si t\u00eb mbroheni?<\/p>\n<p>E para \u00ebsht\u00eb jasht\u00ebzakonisht e r\u00ebnd\u00ebsishme <strong>t\u00eb q\u00ebndroni t\u00eb qet\u00eb<\/strong> dhe t\u00eb mendoni n\u00eb m\u00ebnyr\u00eb racionale. Paniku mund t\u00eb rezultoj\u00eb n\u00eb hapa t\u00eb gabuar dhe efekte an\u00ebsore t\u00eb mundshme.<\/p>\n<p>\u00cbsht\u00eb e r\u00ebnd\u00ebsishme n\u00eb hap\u00ebsir\u00ebn ku ndodheni t\u00eb dini se cil\u00ebt jan\u00eb <strong>muret dhe trar\u00ebt e brendsh\u00ebm mbajt\u00ebs <\/strong>dhe menj\u00ebher\u00eb t\u00eb q\u00ebndroni posht\u00eb tyre, duke mbuluar kok\u00ebn dhe qaf\u00ebn. <strong>Mbani mend!<\/strong> <strong>Mos p\u00ebrdorni ashensorin<\/strong> <strong>ose shkall\u00ebt p\u00ebr t&#8217;u larguar shpejt nga nd\u00ebrtesa<\/strong>, as gjat\u00eb goditjes dhe as pas p\u00ebrfundimit t\u00eb t\u00ebrmetit, deri n\u00eb informacionin se ashensori ose shkall\u00ebt jan\u00eb t\u00eb sigurta.<\/p>\n<p>Q\u00ebndroni larg mureve t\u00eb jashtme, dritareve, dyerve, dollap\u00ebve, burimeve t\u00eb nxeht\u00ebsis\u00eb, aparateve elektro-sht\u00ebpiake, pasqyrave, llambadar\u00ebve dhe trupave ndri\u00e7ues m\u00eb t\u00eb m\u00ebdhenj t\u00eb varur dhe ngjash\u00ebm, t\u00eb cilat mund t\u00eb l\u00ebkunden ose l\u00ebviznin si pasoj\u00eb e t\u00ebrmetit.<\/p>\n<p>N\u00ebse jeni n\u00eb shtrat dhe nuk keni koh\u00eb p\u00ebr strehim, q\u00ebndroni n\u00eb shtrat nd\u00ebrsa m\u00eb jast\u00ebk dhe duar mbuloni kok\u00ebn dhe qaf\u00ebn. N\u00ebse mbi shtrat ka llambadar t\u00eb madh ose po\u00e7 elektrik, at\u00ebher\u00eb strehohuni pran\u00eb shtratit ose murit t\u00eb brendsh\u00ebm, duke mbuluar kok\u00ebn dhe qaf\u00ebn.<\/p>\n<p>Vendosni shtret\u00ebrit larg dritareve ose mobileve t\u00eb m\u00ebdha dhe pasqyrave. P\u00ebr t\u00eb parandaluar aksidentet, vendosni sende m\u00eb t\u00eb r\u00ebnda n\u00eb raftet e poshtme dhe ruani sendet q\u00eb mund t\u00eb thyhen n\u00eb dollap\u00eb t\u00eb mbyllur. Mos ruani l\u00ebngje t\u00eb ndezshme ose kimikate af\u00ebr burimeve t\u00eb nxeht\u00ebsis\u00eb p\u00ebr t\u00eb parandaluar zjarrin.<\/p>\n<p>Duhet t\u00eb keni parasysh se si pasoj\u00eb e t\u00ebrmetit, mund t\u00eb ket\u00eb nd\u00ebrprerje t\u00eb energjis\u00eb, ujit, telekomunikacioneve. Mund t\u00eb p\u00ebrfshihen gjithashtu alarmet dhe instalimet kund\u00ebr zjarrit.<\/p>\n<p>N\u00ebse jeni jasht\u00eb, strehohuni larg nd\u00ebrtesave, objekteve, bilbordeve ose pem\u00ebve t\u00eb larta. N\u00eb rrethana t\u00eb tilla, oxhaqet, \u00e7atit\u00eb apo objekte t\u00eb tjera kan\u00eb m\u00eb shum\u00eb gjasa t\u00eb bien si pasoj\u00eb e t\u00ebrmetit. Prandaj, uluni n\u00eb tok\u00eb dhe mbroni kok\u00ebn dhe qaf\u00ebn me duar.<\/p>\n<p>T\u00ebrmetet kan\u00eb ndikimin m\u00eb t\u00eb madh potencial p\u00ebr sa i p\u00ebrket humbjeve t\u00eb jet\u00ebve dhe d\u00ebmeve afatgjata dhe humbjeve p\u00ebr shoq\u00ebrin\u00eb dhe komunitetet lokale.<\/p>\n<p><strong><img fetchpriority=\"high\" decoding=\"async\" class=\"aligncenter size-large wp-image-22534\" src=\"https:\/\/idscs.org.mk\/wp-content\/uploads\/2022\/03\/zemjotresALB-724x1024.jpg\" alt=\"\" width=\"724\" height=\"1024\" srcset=\"https:\/\/idscs.org.mk\/wp-content\/uploads\/2022\/03\/zemjotresALB-724x1024.jpg 724w, https:\/\/idscs.org.mk\/wp-content\/uploads\/2022\/03\/zemjotresALB-212x300.jpg 212w, https:\/\/idscs.org.mk\/wp-content\/uploads\/2022\/03\/zemjotresALB-768x1087.jpg 768w, https:\/\/idscs.org.mk\/wp-content\/uploads\/2022\/03\/zemjotresALB-1085x1536.jpg 1085w, https:\/\/idscs.org.mk\/wp-content\/uploads\/2022\/03\/zemjotresALB.jpg 1190w\" sizes=\"(max-width: 724px) 100vw, 724px\" \/>Gatishm\u00ebria mund t\u00eb shp\u00ebtoj\u00eb jet\u00eb, ton\u00ebn dhe jet\u00ebn e t\u00eb tjer\u00ebve rreth nesh.<\/strong><\/p>\n<p>Informohuni p\u00ebr kushtet n\u00eb mjedisin tuaj, cilat jan\u00eb rreziqet, k\u00ebrc\u00ebnimet e mundshme n\u00eb vendin ku jetoni.<\/p>\n<p>Numrat e telefonit p\u00ebr raste urgjente:<\/p>\n<p>Muajin e kaluar u l\u00ebshua n\u00eb p\u00ebrdorim Numri Unik Evropian p\u00ebr thirrje <strong>\u00a0112 <\/strong>i cili \u00ebsht\u00eb num\u00ebr i ri dhe unik p\u00ebr thirrje p\u00ebr ndihm\u00eb p\u00ebr \u00e7do lloj rast urgjente dhe gjendje krize.<\/p>\n<p>Numrat e tjer\u00eb t\u00eb telefonit p\u00ebr raste urgjente jan\u00eb:<\/p>\n<ul>\n<li><strong>195 <\/strong>Qendra p\u00ebr Menaxhim me Kriza<\/li>\n<li><strong>194 <\/strong>Ndihma mjek\u00ebsore urgjente<\/li>\n<li><strong>193 <\/strong>Nj\u00ebsit\u00eb territoriale t\u00eb zjarrfik\u00ebsve<\/li>\n<li><strong>192<\/strong> Policia<\/li>\n<\/ul>\n<p>Instituti p\u00ebr Demokraci &#8220;Societas Civilis&#8221; &#8211; Shkup, p\u00ebrmes projektit <a href=\"https:\/\/idscs.org.mk\/mk\/2020\/11\/06\/%d0%bf%d0%be%d0%b4%d0%be%d0%b1%d1%80%d0%b5%d0%bd-%d0%ba%d0%b0%d0%bf%d0%b0%d1%86%d0%b8%d1%82%d0%b5%d1%82-%d0%b7%d0%b0-%d1%83%d0%bf%d1%80%d0%b0%d0%b2%d1%83%d0%b2%d0%b0%d1%9a%d0%b5-%d1%81%d0%be-%d0%ba\/\">&#8220;P\u00ebrmir\u00ebsimi i kapaciteteve p\u00ebr menaxhimin e krizave t\u00eb komunave n\u00eb Maqedonin\u00eb e Veriut&#8221;<\/a>, ndihmon komunat n\u00eb zhvillimin e strategjive dhe planeve p\u00ebr parandalimin dhe menaxhimin e krizave dhe informon qytetar\u00ebt p\u00ebr m\u00ebnyrat se si mund t\u00eb kontribuojn\u00eb n\u00eb reduktimin e rrezikut nga fatkeq\u00ebsit\u00eb.<\/p>\n","protected":false},"excerpt":{"rendered":"<p>Sapo ndodh nj\u00eb t\u00ebrmet, zakonisht shumica prej nesh, kontrollojm\u00eb fillimisht n\u00eb rrjetet sociale apo n\u00eb faqen e internetit ku regjistrohen t\u00ebrmetet, n\u00ebse v\u00ebrtet ka ndodhur apo na \u00ebsht\u00eb dukur. N\u00eb vend q\u00eb t\u00eb kontrollojm\u00eb fillimisht informacionin n\u00eb internet p\u00ebr at\u00eb q\u00eb ka ndodhur dhe cili ka qen\u00eb intensiteti, reagimi i par\u00eb duhet t\u00eb jet\u00eb gjithmon\u00eb [&hellip;]<\/p>\n","protected":false},"author":13,"featured_media":22577,"comment_status":"closed","ping_status":"open","sticky":false,"template":"","format":"standard","meta":{"_acf_changed":false,"footnotes":""},"categories":[1185,993],"tags":[],"acf":[],"_links":{"self":[{"href":"https:\/\/idscs.org.mk\/mk\/wp-json\/wp\/v2\/posts\/22533"}],"collection":[{"href":"https:\/\/idscs.org.mk\/mk\/wp-json\/wp\/v2\/posts"}],"about":[{"href":"https:\/\/idscs.org.mk\/mk\/wp-json\/wp\/v2\/types\/post"}],"author":[{"embeddable":true,"href":"https:\/\/idscs.org.mk\/mk\/wp-json\/wp\/v2\/users\/13"}],"replies":[{"embeddable":true,"href":"https:\/\/idscs.org.mk\/mk\/wp-json\/wp\/v2\/comments?post=22533"}],"version-history":[{"count":1,"href":"https:\/\/idscs.org.mk\/mk\/wp-json\/wp\/v2\/posts\/22533\/revisions"}],"predecessor-version":[{"id":22536,"href":"https:\/\/idscs.org.mk\/mk\/wp-json\/wp\/v2\/posts\/22533\/revisions\/22536"}],"wp:featuredmedia":[{"embeddable":true,"href":"https:\/\/idscs.org.mk\/mk\/wp-json\/wp\/v2\/media\/22577"}],"wp:attachment":[{"href":"https:\/\/idscs.org.mk\/mk\/wp-json\/wp\/v2\/media?parent=22533"}],"wp:term":[{"taxonomy":"category","embeddable":true,"href":"https:\/\/idscs.org.mk\/mk\/wp-json\/wp\/v2\/categories?post=22533"},{"taxonomy":"post_tag","embeddable":true,"href":"https:\/\/idscs.org.mk\/mk\/wp-json\/wp\/v2\/tags?post=22533"}],"curies":[{"name":"wp","href":"https:\/\/api.w.org\/{rel}","templated":true}]}}