{"id":18930,"date":"2021-04-07T13:57:40","date_gmt":"2021-04-07T13:57:40","guid":{"rendered":"https:\/\/idscs.org.mk\/mk\/?p=12184"},"modified":"2024-01-16T11:32:11","modified_gmt":"2024-01-16T11:32:11","slug":"veshtrim-i-kuvendit-rezultatet-nga-studimi-ne-terren-mbi-perceptimet-e-qytetareve-per-punen-e-kuvendit-te-republikes-se-maqedonise-se-veriut-17-shkurt-10-mars-2021","status":"publish","type":"post","link":"https:\/\/idscs.org.mk\/mk\/2021\/04\/07\/veshtrim-i-kuvendit-rezultatet-nga-studimi-ne-terren-mbi-perceptimet-e-qytetareve-per-punen-e-kuvendit-te-republikes-se-maqedonise-se-veriut-17-shkurt-10-mars-2021\/","title":{"rendered":"V\u00ebshtrim i Kuvendit: Rezultatet nga studimi n\u00eb terren mbi perceptimet e qytetar\u00ebve p\u00ebr pun\u00ebn e Kuvendit t\u00eb Republik\u00ebs s\u00eb Maqedonis\u00eb s\u00eb Veriut (17 shkurt &#8211; 10 mars 2021)"},"content":{"rendered":"<p><a href=\"https:\/\/idscs.org.mk\/wp-content\/uploads\/2021\/04\/ALBWEB_A4_Terenska_anketa_mart_2021-1.pdf\" target=\"_blank\" rel=\"noopener\">V\u00ebshtrim i Kuvendit: Rezultatet nga studimi n\u00eb terren mbi perceptimet e qytetar\u00ebve p\u00ebr pun\u00ebn e Kuvendit t\u00eb Republik\u00ebs s\u00eb Maqedonis\u00eb s\u00eb Veriut (17 shkurt &#8211; 10 mars 2021)<\/a><\/p>\n","protected":false},"excerpt":{"rendered":"<p>V\u00ebshtrim i Kuvendit: Rezultatet nga studimi n\u00eb terren mbi perceptimet e qytetar\u00ebve p\u00ebr pun\u00ebn e Kuvendit t\u00eb Republik\u00ebs s\u00eb Maqedonis\u00eb s\u00eb Veriut (17 shkurt &#8211; 10 mars 2021)<\/p>\n","protected":false},"author":13,"featured_media":12231,"comment_status":"closed","ping_status":"closed","sticky":false,"template":"","format":"standard","meta":{"_acf_changed":false,"footnotes":""},"categories":[1193,1198,1243,874,1216],"tags":[],"acf":[],"_links":{"self":[{"href":"https:\/\/idscs.org.mk\/mk\/wp-json\/wp\/v2\/posts\/18930"}],"collection":[{"href":"https:\/\/idscs.org.mk\/mk\/wp-json\/wp\/v2\/posts"}],"about":[{"href":"https:\/\/idscs.org.mk\/mk\/wp-json\/wp\/v2\/types\/post"}],"author":[{"embeddable":true,"href":"https:\/\/idscs.org.mk\/mk\/wp-json\/wp\/v2\/users\/13"}],"replies":[{"embeddable":true,"href":"https:\/\/idscs.org.mk\/mk\/wp-json\/wp\/v2\/comments?post=18930"}],"version-history":[{"count":1,"href":"https:\/\/idscs.org.mk\/mk\/wp-json\/wp\/v2\/posts\/18930\/revisions"}],"predecessor-version":[{"id":26755,"href":"https:\/\/idscs.org.mk\/mk\/wp-json\/wp\/v2\/posts\/18930\/revisions\/26755"}],"wp:featuredmedia":[{"embeddable":true,"href":"https:\/\/idscs.org.mk\/mk\/wp-json\/wp\/v2\/media\/12231"}],"wp:attachment":[{"href":"https:\/\/idscs.org.mk\/mk\/wp-json\/wp\/v2\/media?parent=18930"}],"wp:term":[{"taxonomy":"category","embeddable":true,"href":"https:\/\/idscs.org.mk\/mk\/wp-json\/wp\/v2\/categories?post=18930"},{"taxonomy":"post_tag","embeddable":true,"href":"https:\/\/idscs.org.mk\/mk\/wp-json\/wp\/v2\/tags?post=18930"}],"curies":[{"name":"wp","href":"https:\/\/api.w.org\/{rel}","templated":true}]}}